{"id":3926,"date":"2022-09-06T15:43:56","date_gmt":"2022-09-06T13:43:56","guid":{"rendered":"https:\/\/saintgermaindarce.com\/sg\/?p=3926"},"modified":"2022-09-07T16:04:55","modified_gmt":"2022-09-07T14:04:55","slug":"france-services-le-lude","status":"publish","type":"post","link":"https:\/\/saintgermaindarce.com\/sg\/2022\/09\/06\/france-services-le-lude\/","title":{"rendered":"Ateliers et \u00e9changes &#8211; Parent et enfant"},"content":{"rendered":"<div id=\"pl-3926\"  class=\"panel-layout\" ><div id=\"pg-3926-0\"  class=\"panel-grid panel-no-style\" ><div id=\"pgc-3926-0-0\"  class=\"panel-grid-cell panel-grid-cell-empty\" ><\/div><div id=\"pgc-3926-0-1\"  class=\"panel-grid-cell\" ><div id=\"panel-3926-0-1-0\" class=\"so-panel widget widget_sow-editor panel-first-child panel-last-child widgetopts-SO\" data-index=\"0\" ><div\n\t\t\t\n\t\t\tclass=\"so-widget-sow-editor so-widget-sow-editor-base\"\n\t\t\t\n\t\t>\n<div class=\"siteorigin-widget-tinymce textwidget\">\n\t<p><b>Les matin\u00e9es ludiques, moment d'\u00e9changes parents et enfants de 0 \u00e0 6 ans.\u00a0<a href=\"https:\/\/saintgermaindarce.com\/sg\/wp-content\/uploads\/2022\/09\/MATINEES-LUDIQUES-2.pdf\"> Programme 2022-2023.<\/a><\/b><\/p>\n<p>&nbsp;<\/p>\n<\/div>\n<\/div><\/div><\/div><\/div><\/div>","protected":false},"excerpt":{"rendered":"<p>Les matin\u00e9es ludiques, moment d&rsquo;\u00e9changes parents et enfants de 0 \u00e0 6 ans.\u00a0 Programme 2022-2023. &nbsp;<\/p>\n","protected":false},"author":3,"featured_media":0,"comment_status":"open","ping_status":"open","sticky":false,"template":"","format":"standard","meta":{"footnotes":""},"categories":[9,8,4,5],"tags":[],"class_list":["post-3926","post","type-post","status-publish","format-standard","hentry","category-actualites","category-demarches-administratives","category-infos-pratique","category-vie-municipale"],"yoast_head":"<!-- This site is optimized with the Yoast SEO plugin v27.5 - https:\/\/yoast.com\/product\/yoast-seo-wordpress\/ -->\n<title>Ateliers et \u00e9changes - Parent et enfant - Mairie de Saint Germain d&#039;Arc\u00e9<\/title>\n<meta name=\"robots\" content=\"index, follow, max-snippet:-1, max-image-preview:large, max-video-preview:-1\" \/>\n<link rel=\"canonical\" href=\"https:\/\/saintgermaindarce.com\/sg\/2022\/09\/06\/france-services-le-lude\/\" \/>\n<meta name=\"twitter:card\" content=\"summary_large_image\" \/>\n<meta name=\"twitter:title\" content=\"Ateliers et \u00e9changes - Parent et enfant - Mairie de Saint Germain d&#039;Arc\u00e9\" \/>\n<meta name=\"twitter:description\" content=\"Les matin\u00e9es ludiques, moment d&#039;\u00e9changes parents et enfants de 0 \u00e0 6 ans.\u00a0 Programme 2022-2023. &nbsp;\" \/>\n<meta name=\"twitter:label1\" content=\"\u00c9crit par\" \/>\n\t<meta name=\"twitter:data1\" content=\"secretariat Mairie\" \/>\n\t<meta name=\"twitter:label2\" content=\"Dur\u00e9e de lecture estim\u00e9e\" \/>\n\t<meta name=\"twitter:data2\" content=\"1 minute\" \/>\n<script type=\"application\/ld+json\" class=\"yoast-schema-graph\">{\"@context\":\"https:\\\/\\\/schema.org\",\"@graph\":[{\"@type\":\"Article\",\"@id\":\"https:\\\/\\\/saintgermaindarce.com\\\/sg\\\/2022\\\/09\\\/06\\\/france-services-le-lude\\\/#article\",\"isPartOf\":{\"@id\":\"https:\\\/\\\/saintgermaindarce.com\\\/sg\\\/2022\\\/09\\\/06\\\/france-services-le-lude\\\/\"},\"author\":{\"name\":\"secretariat Mairie\",\"@id\":\"https:\\\/\\\/saintgermaindarce.com\\\/sg\\\/#\\\/schema\\\/person\\\/93511b19cadd37cf2a6e92b3df7f79ec\"},\"headline\":\"Ateliers et \u00e9changes &#8211; Parent et enfant\",\"datePublished\":\"2022-09-06T13:43:56+00:00\",\"dateModified\":\"2022-09-07T14:04:55+00:00\",\"mainEntityOfPage\":{\"@id\":\"https:\\\/\\\/saintgermaindarce.com\\\/sg\\\/2022\\\/09\\\/06\\\/france-services-le-lude\\\/\"},\"wordCount\":22,\"commentCount\":0,\"publisher\":{\"@id\":\"https:\\\/\\\/saintgermaindarce.com\\\/sg\\\/#\\\/schema\\\/person\\\/93511b19cadd37cf2a6e92b3df7f79ec\"},\"articleSection\":[\"Actualit\u00e9s\",\"D\u00e9marches administratives\",\"Infos pratiques\",\"Vie municipale\"],\"inLanguage\":\"fr-FR\",\"potentialAction\":[{\"@type\":\"CommentAction\",\"name\":\"Comment\",\"target\":[\"https:\\\/\\\/saintgermaindarce.com\\\/sg\\\/2022\\\/09\\\/06\\\/france-services-le-lude\\\/#respond\"]}]},{\"@type\":\"WebPage\",\"@id\":\"https:\\\/\\\/saintgermaindarce.com\\\/sg\\\/2022\\\/09\\\/06\\\/france-services-le-lude\\\/\",\"url\":\"https:\\\/\\\/saintgermaindarce.com\\\/sg\\\/2022\\\/09\\\/06\\\/france-services-le-lude\\\/\",\"name\":\"Ateliers et \u00e9changes - Parent et enfant - Mairie de Saint Germain d&#039;Arc\u00e9\",\"isPartOf\":{\"@id\":\"https:\\\/\\\/saintgermaindarce.com\\\/sg\\\/#website\"},\"datePublished\":\"2022-09-06T13:43:56+00:00\",\"dateModified\":\"2022-09-07T14:04:55+00:00\",\"breadcrumb\":{\"@id\":\"https:\\\/\\\/saintgermaindarce.com\\\/sg\\\/2022\\\/09\\\/06\\\/france-services-le-lude\\\/#breadcrumb\"},\"inLanguage\":\"fr-FR\",\"potentialAction\":[{\"@type\":\"ReadAction\",\"target\":[\"https:\\\/\\\/saintgermaindarce.com\\\/sg\\\/2022\\\/09\\\/06\\\/france-services-le-lude\\\/\"]}]},{\"@type\":\"BreadcrumbList\",\"@id\":\"https:\\\/\\\/saintgermaindarce.com\\\/sg\\\/2022\\\/09\\\/06\\\/france-services-le-lude\\\/#breadcrumb\",\"itemListElement\":[{\"@type\":\"ListItem\",\"position\":1,\"name\":\"Accueil\",\"item\":\"https:\\\/\\\/saintgermaindarce.com\\\/sg\\\/\"},{\"@type\":\"ListItem\",\"position\":2,\"name\":\"Ateliers et \u00e9changes &#8211; Parent et enfant\"}]},{\"@type\":\"WebSite\",\"@id\":\"https:\\\/\\\/saintgermaindarce.com\\\/sg\\\/#website\",\"url\":\"https:\\\/\\\/saintgermaindarce.com\\\/sg\\\/\",\"name\":\"Mairie de Saint Germain d'Arc\u00e9\",\"description\":\"\",\"publisher\":{\"@id\":\"https:\\\/\\\/saintgermaindarce.com\\\/sg\\\/#\\\/schema\\\/person\\\/93511b19cadd37cf2a6e92b3df7f79ec\"},\"potentialAction\":[{\"@type\":\"SearchAction\",\"target\":{\"@type\":\"EntryPoint\",\"urlTemplate\":\"https:\\\/\\\/saintgermaindarce.com\\\/sg\\\/?s={search_term_string}\"},\"query-input\":{\"@type\":\"PropertyValueSpecification\",\"valueRequired\":true,\"valueName\":\"search_term_string\"}}],\"inLanguage\":\"fr-FR\"},{\"@type\":[\"Person\",\"Organization\"],\"@id\":\"https:\\\/\\\/saintgermaindarce.com\\\/sg\\\/#\\\/schema\\\/person\\\/93511b19cadd37cf2a6e92b3df7f79ec\",\"name\":\"secretariat Mairie\",\"image\":{\"@type\":\"ImageObject\",\"inLanguage\":\"fr-FR\",\"@id\":\"https:\\\/\\\/secure.gravatar.com\\\/avatar\\\/f767471be6375bc48c47e01a87935108ce923ff3609476b1fd7fe905f23de8aa?s=96&d=mm&r=g\",\"url\":\"https:\\\/\\\/secure.gravatar.com\\\/avatar\\\/f767471be6375bc48c47e01a87935108ce923ff3609476b1fd7fe905f23de8aa?s=96&d=mm&r=g\",\"contentUrl\":\"https:\\\/\\\/secure.gravatar.com\\\/avatar\\\/f767471be6375bc48c47e01a87935108ce923ff3609476b1fd7fe905f23de8aa?s=96&d=mm&r=g\",\"caption\":\"secretariat Mairie\"},\"logo\":{\"@id\":\"https:\\\/\\\/secure.gravatar.com\\\/avatar\\\/f767471be6375bc48c47e01a87935108ce923ff3609476b1fd7fe905f23de8aa?s=96&d=mm&r=g\"},\"url\":\"https:\\\/\\\/saintgermaindarce.com\\\/sg\\\/author\\\/secretariat-mairie\\\/\"}]}<\/script>\n<!-- \/ Yoast SEO plugin. -->","yoast_head_json":{"title":"Ateliers et \u00e9changes - Parent et enfant - Mairie de Saint Germain d&#039;Arc\u00e9","robots":{"index":"index","follow":"follow","max-snippet":"max-snippet:-1","max-image-preview":"max-image-preview:large","max-video-preview":"max-video-preview:-1"},"canonical":"https:\/\/saintgermaindarce.com\/sg\/2022\/09\/06\/france-services-le-lude\/","twitter_card":"summary_large_image","twitter_title":"Ateliers et \u00e9changes - Parent et enfant - Mairie de Saint Germain d&#039;Arc\u00e9","twitter_description":"Les matin\u00e9es ludiques, moment d'\u00e9changes parents et enfants de 0 \u00e0 6 ans.\u00a0 Programme 2022-2023. &nbsp;","twitter_misc":{"\u00c9crit par":"secretariat Mairie","Dur\u00e9e de lecture estim\u00e9e":"1 minute"},"schema":{"@context":"https:\/\/schema.org","@graph":[{"@type":"Article","@id":"https:\/\/saintgermaindarce.com\/sg\/2022\/09\/06\/france-services-le-lude\/#article","isPartOf":{"@id":"https:\/\/saintgermaindarce.com\/sg\/2022\/09\/06\/france-services-le-lude\/"},"author":{"name":"secretariat Mairie","@id":"https:\/\/saintgermaindarce.com\/sg\/#\/schema\/person\/93511b19cadd37cf2a6e92b3df7f79ec"},"headline":"Ateliers et \u00e9changes &#8211; Parent et enfant","datePublished":"2022-09-06T13:43:56+00:00","dateModified":"2022-09-07T14:04:55+00:00","mainEntityOfPage":{"@id":"https:\/\/saintgermaindarce.com\/sg\/2022\/09\/06\/france-services-le-lude\/"},"wordCount":22,"commentCount":0,"publisher":{"@id":"https:\/\/saintgermaindarce.com\/sg\/#\/schema\/person\/93511b19cadd37cf2a6e92b3df7f79ec"},"articleSection":["Actualit\u00e9s","D\u00e9marches administratives","Infos pratiques","Vie municipale"],"inLanguage":"fr-FR","potentialAction":[{"@type":"CommentAction","name":"Comment","target":["https:\/\/saintgermaindarce.com\/sg\/2022\/09\/06\/france-services-le-lude\/#respond"]}]},{"@type":"WebPage","@id":"https:\/\/saintgermaindarce.com\/sg\/2022\/09\/06\/france-services-le-lude\/","url":"https:\/\/saintgermaindarce.com\/sg\/2022\/09\/06\/france-services-le-lude\/","name":"Ateliers et \u00e9changes - Parent et enfant - Mairie de Saint Germain d&#039;Arc\u00e9","isPartOf":{"@id":"https:\/\/saintgermaindarce.com\/sg\/#website"},"datePublished":"2022-09-06T13:43:56+00:00","dateModified":"2022-09-07T14:04:55+00:00","breadcrumb":{"@id":"https:\/\/saintgermaindarce.com\/sg\/2022\/09\/06\/france-services-le-lude\/#breadcrumb"},"inLanguage":"fr-FR","potentialAction":[{"@type":"ReadAction","target":["https:\/\/saintgermaindarce.com\/sg\/2022\/09\/06\/france-services-le-lude\/"]}]},{"@type":"BreadcrumbList","@id":"https:\/\/saintgermaindarce.com\/sg\/2022\/09\/06\/france-services-le-lude\/#breadcrumb","itemListElement":[{"@type":"ListItem","position":1,"name":"Accueil","item":"https:\/\/saintgermaindarce.com\/sg\/"},{"@type":"ListItem","position":2,"name":"Ateliers et \u00e9changes &#8211; Parent et enfant"}]},{"@type":"WebSite","@id":"https:\/\/saintgermaindarce.com\/sg\/#website","url":"https:\/\/saintgermaindarce.com\/sg\/","name":"Mairie de Saint Germain d'Arc\u00e9","description":"","publisher":{"@id":"https:\/\/saintgermaindarce.com\/sg\/#\/schema\/person\/93511b19cadd37cf2a6e92b3df7f79ec"},"potentialAction":[{"@type":"SearchAction","target":{"@type":"EntryPoint","urlTemplate":"https:\/\/saintgermaindarce.com\/sg\/?s={search_term_string}"},"query-input":{"@type":"PropertyValueSpecification","valueRequired":true,"valueName":"search_term_string"}}],"inLanguage":"fr-FR"},{"@type":["Person","Organization"],"@id":"https:\/\/saintgermaindarce.com\/sg\/#\/schema\/person\/93511b19cadd37cf2a6e92b3df7f79ec","name":"secretariat Mairie","image":{"@type":"ImageObject","inLanguage":"fr-FR","@id":"https:\/\/secure.gravatar.com\/avatar\/f767471be6375bc48c47e01a87935108ce923ff3609476b1fd7fe905f23de8aa?s=96&d=mm&r=g","url":"https:\/\/secure.gravatar.com\/avatar\/f767471be6375bc48c47e01a87935108ce923ff3609476b1fd7fe905f23de8aa?s=96&d=mm&r=g","contentUrl":"https:\/\/secure.gravatar.com\/avatar\/f767471be6375bc48c47e01a87935108ce923ff3609476b1fd7fe905f23de8aa?s=96&d=mm&r=g","caption":"secretariat Mairie"},"logo":{"@id":"https:\/\/secure.gravatar.com\/avatar\/f767471be6375bc48c47e01a87935108ce923ff3609476b1fd7fe905f23de8aa?s=96&d=mm&r=g"},"url":"https:\/\/saintgermaindarce.com\/sg\/author\/secretariat-mairie\/"}]}},"_links":{"self":[{"href":"https:\/\/saintgermaindarce.com\/sg\/wp-json\/wp\/v2\/posts\/3926","targetHints":{"allow":["GET"]}}],"collection":[{"href":"https:\/\/saintgermaindarce.com\/sg\/wp-json\/wp\/v2\/posts"}],"about":[{"href":"https:\/\/saintgermaindarce.com\/sg\/wp-json\/wp\/v2\/types\/post"}],"author":[{"embeddable":true,"href":"https:\/\/saintgermaindarce.com\/sg\/wp-json\/wp\/v2\/users\/3"}],"replies":[{"embeddable":true,"href":"https:\/\/saintgermaindarce.com\/sg\/wp-json\/wp\/v2\/comments?post=3926"}],"version-history":[{"count":0,"href":"https:\/\/saintgermaindarce.com\/sg\/wp-json\/wp\/v2\/posts\/3926\/revisions"}],"wp:attachment":[{"href":"https:\/\/saintgermaindarce.com\/sg\/wp-json\/wp\/v2\/media?parent=3926"}],"wp:term":[{"taxonomy":"category","embeddable":true,"href":"https:\/\/saintgermaindarce.com\/sg\/wp-json\/wp\/v2\/categories?post=3926"},{"taxonomy":"post_tag","embeddable":true,"href":"https:\/\/saintgermaindarce.com\/sg\/wp-json\/wp\/v2\/tags?post=3926"}],"curies":[{"name":"wp","href":"https:\/\/api.w.org\/{rel}","templated":true}]}}