{"id":3919,"date":"2022-08-02T14:30:32","date_gmt":"2022-08-02T12:30:32","guid":{"rendered":"https:\/\/saintgermaindarce.com\/sg\/?p=3919"},"modified":"2022-08-02T14:35:31","modified_gmt":"2022-08-02T12:35:31","slug":"deveco-hth","status":"publish","type":"post","link":"https:\/\/saintgermaindarce.com\/sg\/2022\/08\/02\/deveco-hth\/","title":{"rendered":"DEV&rsquo;Eco &#8211; HTH"},"content":{"rendered":"<div id=\"pl-3919\"  class=\"panel-layout\" ><div id=\"pg-3919-0\"  class=\"panel-grid panel-no-style\" ><div id=\"pgc-3919-0-0\"  class=\"panel-grid-cell\" ><div id=\"panel-3919-0-0-0\" class=\"so-panel widget widget_sow-image panel-first-child panel-last-child widgetopts-SO\" data-index=\"0\" ><div\n\t\t\t\n\t\t\tclass=\"so-widget-sow-image so-widget-sow-image-default-334eeca80698-3919\"\n\t\t\t\n\t\t>\n<div class=\"sow-image-container\">\n\t\t<img \n\tsrc=\"https:\/\/saintgermaindarce.com\/sg\/wp-content\/uploads\/2022\/08\/heb_temp-chez-habitant.jpg\" width=\"408\" height=\"556\" srcset=\"https:\/\/saintgermaindarce.com\/sg\/wp-content\/uploads\/2022\/08\/heb_temp-chez-habitant.jpg 408w, https:\/\/saintgermaindarce.com\/sg\/wp-content\/uploads\/2022\/08\/heb_temp-chez-habitant-220x300.jpg 220w\" sizes=\"(max-width: 408px) 100vw, 408px\" title=\"heb_temp chez habitant\" alt=\"\" \t\tclass=\"so-widget-image\"\/>\n\t<\/div>\n\n<\/div><\/div><\/div><div id=\"pgc-3919-0-1\"  class=\"panel-grid-cell\" ><div id=\"panel-3919-0-1-0\" class=\"so-panel widget widget_sow-editor panel-first-child panel-last-child widgetopts-SO\" data-index=\"1\" ><div\n\t\t\t\n\t\t\tclass=\"so-widget-sow-editor so-widget-sow-editor-base\"\n\t\t\t\n\t\t><h3 class=\"widget-title\">DEV'Eco - H\u00e9bergement Temporaire chez l'Habitant<\/h3>\n<div class=\"siteorigin-widget-tinymce textwidget\">\n\t<p><b>L'H\u00e9bergement Temporaire chez l'Habitant <\/b>arrive sur la COMCOM SUD Sarthe<b>, l'HTH\u00a0<\/b>r\u00e9pond \u00e0 la demande de logement des jeunes \u00e2g\u00e9s de 15 \u00e0 30 ans qui viennent de trouver un emploi, une formation, un stage sur le territoire de la Communaut\u00e9 de Communes du Sud Sarthe. Pour faciliter l\u2019h\u00e9bergement de courte dur\u00e9e de ces jeunes, Le Flore Habitat Jeunes s\u2019adresse \u00e0 des habitants qui se proposent volontaires pour proposer une chambre meubl\u00e9e chez eux et devenir ainsi h\u00e9bergeur. Le co\u00fbt propos\u00e9 pour la chambre meubl\u00e9e est de 15\u20ac la nuit\u00e9e dans la limite de 270\u20ac par mois. Le Flore Habitat Jeunes assure la mise en relation et est garant du bon fonctionnement. Alors pourquoi pas vous ?Si vous souhaitez rejoindre cette initiative ou obtenir plus d\u2019informations, n\u2019h\u00e9sitez pas \u00e0 contacter Le Flore Habitat Jeunes au 02.43.81.27.55 ou contact@leflore.info<\/p>\n<p><a href=\"https:\/\/saintgermaindarce.com\/sg\/wp-content\/uploads\/2022\/08\/presentation-HTH-05.04.2022-003.pdf\">Pr\u00e9sentation<\/a><\/p>\n<\/div>\n<\/div><\/div><\/div><\/div><\/div>","protected":false},"excerpt":{"rendered":"<p>L&rsquo;H\u00e9bergement Temporaire chez l&rsquo;Habitant arrive sur la COMCOM SUD Sarthe, l&rsquo;HTH\u00a0r\u00e9pond \u00e0 la demande de logement des jeunes \u00e2g\u00e9s de 15 \u00e0 30 ans qui viennent de trouver un emploi, une formation, un stage sur le territoire de la Communaut\u00e9 de Communes du Sud Sarthe. Pour faciliter l\u2019h\u00e9bergement de courte dur\u00e9e de ces jeunes, Le&#8230;<\/p>\n<div class=\"read-more\"><a href=\"https:\/\/saintgermaindarce.com\/sg\/2022\/08\/02\/deveco-hth\/\">Lire la suite<\/a><\/div>\n","protected":false},"author":3,"featured_media":0,"comment_status":"open","ping_status":"open","sticky":false,"template":"","format":"standard","meta":{"footnotes":""},"categories":[9,8,4,5],"tags":[],"class_list":["post-3919","post","type-post","status-publish","format-standard","hentry","category-actualites","category-demarches-administratives","category-infos-pratique","category-vie-municipale"],"yoast_head":"<!-- This site is optimized with the Yoast SEO plugin v27.5 - https:\/\/yoast.com\/product\/yoast-seo-wordpress\/ -->\n<title>DEV&#039;Eco - HTH - Mairie de Saint Germain d&#039;Arc\u00e9<\/title>\n<meta name=\"robots\" content=\"index, follow, max-snippet:-1, max-image-preview:large, max-video-preview:-1\" \/>\n<link rel=\"canonical\" href=\"https:\/\/saintgermaindarce.com\/sg\/2022\/08\/02\/deveco-hth\/\" \/>\n<meta name=\"twitter:card\" content=\"summary_large_image\" \/>\n<meta name=\"twitter:title\" content=\"DEV&#039;Eco - HTH - Mairie de Saint Germain d&#039;Arc\u00e9\" \/>\n<meta name=\"twitter:description\" content=\"L&#039;H\u00e9bergement Temporaire chez l&#039;Habitant arrive sur la COMCOM SUD Sarthe, l&#039;HTH\u00a0r\u00e9pond \u00e0 la demande de logement des jeunes \u00e2g\u00e9s de 15 \u00e0 30 ans qui viennent de trouver un emploi, une formation, un stage sur le territoire de la Communaut\u00e9 de Communes du Sud Sarthe. Pour faciliter l\u2019h\u00e9bergement de courte dur\u00e9e de ces jeunes, Le...Lire la suite\" \/>\n<meta name=\"twitter:label1\" content=\"\u00c9crit par\" \/>\n\t<meta name=\"twitter:data1\" content=\"secretariat Mairie\" \/>\n\t<meta name=\"twitter:label2\" content=\"Dur\u00e9e de lecture estim\u00e9e\" \/>\n\t<meta name=\"twitter:data2\" content=\"1 minute\" \/>\n<script type=\"application\/ld+json\" class=\"yoast-schema-graph\">{\"@context\":\"https:\\\/\\\/schema.org\",\"@graph\":[{\"@type\":\"Article\",\"@id\":\"https:\\\/\\\/saintgermaindarce.com\\\/sg\\\/2022\\\/08\\\/02\\\/deveco-hth\\\/#article\",\"isPartOf\":{\"@id\":\"https:\\\/\\\/saintgermaindarce.com\\\/sg\\\/2022\\\/08\\\/02\\\/deveco-hth\\\/\"},\"author\":{\"name\":\"secretariat Mairie\",\"@id\":\"https:\\\/\\\/saintgermaindarce.com\\\/sg\\\/#\\\/schema\\\/person\\\/93511b19cadd37cf2a6e92b3df7f79ec\"},\"headline\":\"DEV&rsquo;Eco &#8211; HTH\",\"datePublished\":\"2022-08-02T12:30:32+00:00\",\"dateModified\":\"2022-08-02T12:35:31+00:00\",\"mainEntityOfPage\":{\"@id\":\"https:\\\/\\\/saintgermaindarce.com\\\/sg\\\/2022\\\/08\\\/02\\\/deveco-hth\\\/\"},\"wordCount\":173,\"commentCount\":0,\"publisher\":{\"@id\":\"https:\\\/\\\/saintgermaindarce.com\\\/sg\\\/#\\\/schema\\\/person\\\/93511b19cadd37cf2a6e92b3df7f79ec\"},\"articleSection\":[\"Actualit\u00e9s\",\"D\u00e9marches administratives\",\"Infos pratiques\",\"Vie municipale\"],\"inLanguage\":\"fr-FR\",\"potentialAction\":[{\"@type\":\"CommentAction\",\"name\":\"Comment\",\"target\":[\"https:\\\/\\\/saintgermaindarce.com\\\/sg\\\/2022\\\/08\\\/02\\\/deveco-hth\\\/#respond\"]}]},{\"@type\":\"WebPage\",\"@id\":\"https:\\\/\\\/saintgermaindarce.com\\\/sg\\\/2022\\\/08\\\/02\\\/deveco-hth\\\/\",\"url\":\"https:\\\/\\\/saintgermaindarce.com\\\/sg\\\/2022\\\/08\\\/02\\\/deveco-hth\\\/\",\"name\":\"DEV'Eco - HTH - Mairie de Saint Germain d&#039;Arc\u00e9\",\"isPartOf\":{\"@id\":\"https:\\\/\\\/saintgermaindarce.com\\\/sg\\\/#website\"},\"datePublished\":\"2022-08-02T12:30:32+00:00\",\"dateModified\":\"2022-08-02T12:35:31+00:00\",\"breadcrumb\":{\"@id\":\"https:\\\/\\\/saintgermaindarce.com\\\/sg\\\/2022\\\/08\\\/02\\\/deveco-hth\\\/#breadcrumb\"},\"inLanguage\":\"fr-FR\",\"potentialAction\":[{\"@type\":\"ReadAction\",\"target\":[\"https:\\\/\\\/saintgermaindarce.com\\\/sg\\\/2022\\\/08\\\/02\\\/deveco-hth\\\/\"]}]},{\"@type\":\"BreadcrumbList\",\"@id\":\"https:\\\/\\\/saintgermaindarce.com\\\/sg\\\/2022\\\/08\\\/02\\\/deveco-hth\\\/#breadcrumb\",\"itemListElement\":[{\"@type\":\"ListItem\",\"position\":1,\"name\":\"Accueil\",\"item\":\"https:\\\/\\\/saintgermaindarce.com\\\/sg\\\/\"},{\"@type\":\"ListItem\",\"position\":2,\"name\":\"DEV&#8217;Eco &#8211; HTH\"}]},{\"@type\":\"WebSite\",\"@id\":\"https:\\\/\\\/saintgermaindarce.com\\\/sg\\\/#website\",\"url\":\"https:\\\/\\\/saintgermaindarce.com\\\/sg\\\/\",\"name\":\"Mairie de Saint Germain d'Arc\u00e9\",\"description\":\"\",\"publisher\":{\"@id\":\"https:\\\/\\\/saintgermaindarce.com\\\/sg\\\/#\\\/schema\\\/person\\\/93511b19cadd37cf2a6e92b3df7f79ec\"},\"potentialAction\":[{\"@type\":\"SearchAction\",\"target\":{\"@type\":\"EntryPoint\",\"urlTemplate\":\"https:\\\/\\\/saintgermaindarce.com\\\/sg\\\/?s={search_term_string}\"},\"query-input\":{\"@type\":\"PropertyValueSpecification\",\"valueRequired\":true,\"valueName\":\"search_term_string\"}}],\"inLanguage\":\"fr-FR\"},{\"@type\":[\"Person\",\"Organization\"],\"@id\":\"https:\\\/\\\/saintgermaindarce.com\\\/sg\\\/#\\\/schema\\\/person\\\/93511b19cadd37cf2a6e92b3df7f79ec\",\"name\":\"secretariat Mairie\",\"image\":{\"@type\":\"ImageObject\",\"inLanguage\":\"fr-FR\",\"@id\":\"https:\\\/\\\/secure.gravatar.com\\\/avatar\\\/f767471be6375bc48c47e01a87935108ce923ff3609476b1fd7fe905f23de8aa?s=96&d=mm&r=g\",\"url\":\"https:\\\/\\\/secure.gravatar.com\\\/avatar\\\/f767471be6375bc48c47e01a87935108ce923ff3609476b1fd7fe905f23de8aa?s=96&d=mm&r=g\",\"contentUrl\":\"https:\\\/\\\/secure.gravatar.com\\\/avatar\\\/f767471be6375bc48c47e01a87935108ce923ff3609476b1fd7fe905f23de8aa?s=96&d=mm&r=g\",\"caption\":\"secretariat Mairie\"},\"logo\":{\"@id\":\"https:\\\/\\\/secure.gravatar.com\\\/avatar\\\/f767471be6375bc48c47e01a87935108ce923ff3609476b1fd7fe905f23de8aa?s=96&d=mm&r=g\"},\"url\":\"https:\\\/\\\/saintgermaindarce.com\\\/sg\\\/author\\\/secretariat-mairie\\\/\"}]}<\/script>\n<!-- \/ Yoast SEO plugin. -->","yoast_head_json":{"title":"DEV'Eco - HTH - Mairie de Saint Germain d&#039;Arc\u00e9","robots":{"index":"index","follow":"follow","max-snippet":"max-snippet:-1","max-image-preview":"max-image-preview:large","max-video-preview":"max-video-preview:-1"},"canonical":"https:\/\/saintgermaindarce.com\/sg\/2022\/08\/02\/deveco-hth\/","twitter_card":"summary_large_image","twitter_title":"DEV'Eco - HTH - Mairie de Saint Germain d&#039;Arc\u00e9","twitter_description":"L'H\u00e9bergement Temporaire chez l'Habitant arrive sur la COMCOM SUD Sarthe, l'HTH\u00a0r\u00e9pond \u00e0 la demande de logement des jeunes \u00e2g\u00e9s de 15 \u00e0 30 ans qui viennent de trouver un emploi, une formation, un stage sur le territoire de la Communaut\u00e9 de Communes du Sud Sarthe. Pour faciliter l\u2019h\u00e9bergement de courte dur\u00e9e de ces jeunes, Le...Lire la suite","twitter_misc":{"\u00c9crit par":"secretariat Mairie","Dur\u00e9e de lecture estim\u00e9e":"1 minute"},"schema":{"@context":"https:\/\/schema.org","@graph":[{"@type":"Article","@id":"https:\/\/saintgermaindarce.com\/sg\/2022\/08\/02\/deveco-hth\/#article","isPartOf":{"@id":"https:\/\/saintgermaindarce.com\/sg\/2022\/08\/02\/deveco-hth\/"},"author":{"name":"secretariat Mairie","@id":"https:\/\/saintgermaindarce.com\/sg\/#\/schema\/person\/93511b19cadd37cf2a6e92b3df7f79ec"},"headline":"DEV&rsquo;Eco &#8211; HTH","datePublished":"2022-08-02T12:30:32+00:00","dateModified":"2022-08-02T12:35:31+00:00","mainEntityOfPage":{"@id":"https:\/\/saintgermaindarce.com\/sg\/2022\/08\/02\/deveco-hth\/"},"wordCount":173,"commentCount":0,"publisher":{"@id":"https:\/\/saintgermaindarce.com\/sg\/#\/schema\/person\/93511b19cadd37cf2a6e92b3df7f79ec"},"articleSection":["Actualit\u00e9s","D\u00e9marches administratives","Infos pratiques","Vie municipale"],"inLanguage":"fr-FR","potentialAction":[{"@type":"CommentAction","name":"Comment","target":["https:\/\/saintgermaindarce.com\/sg\/2022\/08\/02\/deveco-hth\/#respond"]}]},{"@type":"WebPage","@id":"https:\/\/saintgermaindarce.com\/sg\/2022\/08\/02\/deveco-hth\/","url":"https:\/\/saintgermaindarce.com\/sg\/2022\/08\/02\/deveco-hth\/","name":"DEV'Eco - HTH - Mairie de Saint Germain d&#039;Arc\u00e9","isPartOf":{"@id":"https:\/\/saintgermaindarce.com\/sg\/#website"},"datePublished":"2022-08-02T12:30:32+00:00","dateModified":"2022-08-02T12:35:31+00:00","breadcrumb":{"@id":"https:\/\/saintgermaindarce.com\/sg\/2022\/08\/02\/deveco-hth\/#breadcrumb"},"inLanguage":"fr-FR","potentialAction":[{"@type":"ReadAction","target":["https:\/\/saintgermaindarce.com\/sg\/2022\/08\/02\/deveco-hth\/"]}]},{"@type":"BreadcrumbList","@id":"https:\/\/saintgermaindarce.com\/sg\/2022\/08\/02\/deveco-hth\/#breadcrumb","itemListElement":[{"@type":"ListItem","position":1,"name":"Accueil","item":"https:\/\/saintgermaindarce.com\/sg\/"},{"@type":"ListItem","position":2,"name":"DEV&#8217;Eco &#8211; HTH"}]},{"@type":"WebSite","@id":"https:\/\/saintgermaindarce.com\/sg\/#website","url":"https:\/\/saintgermaindarce.com\/sg\/","name":"Mairie de Saint Germain d'Arc\u00e9","description":"","publisher":{"@id":"https:\/\/saintgermaindarce.com\/sg\/#\/schema\/person\/93511b19cadd37cf2a6e92b3df7f79ec"},"potentialAction":[{"@type":"SearchAction","target":{"@type":"EntryPoint","urlTemplate":"https:\/\/saintgermaindarce.com\/sg\/?s={search_term_string}"},"query-input":{"@type":"PropertyValueSpecification","valueRequired":true,"valueName":"search_term_string"}}],"inLanguage":"fr-FR"},{"@type":["Person","Organization"],"@id":"https:\/\/saintgermaindarce.com\/sg\/#\/schema\/person\/93511b19cadd37cf2a6e92b3df7f79ec","name":"secretariat Mairie","image":{"@type":"ImageObject","inLanguage":"fr-FR","@id":"https:\/\/secure.gravatar.com\/avatar\/f767471be6375bc48c47e01a87935108ce923ff3609476b1fd7fe905f23de8aa?s=96&d=mm&r=g","url":"https:\/\/secure.gravatar.com\/avatar\/f767471be6375bc48c47e01a87935108ce923ff3609476b1fd7fe905f23de8aa?s=96&d=mm&r=g","contentUrl":"https:\/\/secure.gravatar.com\/avatar\/f767471be6375bc48c47e01a87935108ce923ff3609476b1fd7fe905f23de8aa?s=96&d=mm&r=g","caption":"secretariat Mairie"},"logo":{"@id":"https:\/\/secure.gravatar.com\/avatar\/f767471be6375bc48c47e01a87935108ce923ff3609476b1fd7fe905f23de8aa?s=96&d=mm&r=g"},"url":"https:\/\/saintgermaindarce.com\/sg\/author\/secretariat-mairie\/"}]}},"_links":{"self":[{"href":"https:\/\/saintgermaindarce.com\/sg\/wp-json\/wp\/v2\/posts\/3919","targetHints":{"allow":["GET"]}}],"collection":[{"href":"https:\/\/saintgermaindarce.com\/sg\/wp-json\/wp\/v2\/posts"}],"about":[{"href":"https:\/\/saintgermaindarce.com\/sg\/wp-json\/wp\/v2\/types\/post"}],"author":[{"embeddable":true,"href":"https:\/\/saintgermaindarce.com\/sg\/wp-json\/wp\/v2\/users\/3"}],"replies":[{"embeddable":true,"href":"https:\/\/saintgermaindarce.com\/sg\/wp-json\/wp\/v2\/comments?post=3919"}],"version-history":[{"count":0,"href":"https:\/\/saintgermaindarce.com\/sg\/wp-json\/wp\/v2\/posts\/3919\/revisions"}],"wp:attachment":[{"href":"https:\/\/saintgermaindarce.com\/sg\/wp-json\/wp\/v2\/media?parent=3919"}],"wp:term":[{"taxonomy":"category","embeddable":true,"href":"https:\/\/saintgermaindarce.com\/sg\/wp-json\/wp\/v2\/categories?post=3919"},{"taxonomy":"post_tag","embeddable":true,"href":"https:\/\/saintgermaindarce.com\/sg\/wp-json\/wp\/v2\/tags?post=3919"}],"curies":[{"name":"wp","href":"https:\/\/api.w.org\/{rel}","templated":true}]}}