{"id":3733,"date":"2022-07-11T15:49:53","date_gmt":"2022-07-11T13:49:53","guid":{"rendered":"https:\/\/saintgermaindarce.com\/sg\/?p=3733"},"modified":"2022-07-11T16:07:51","modified_gmt":"2022-07-11T14:07:51","slug":"la-fievre-porcine-africaine","status":"publish","type":"post","link":"https:\/\/saintgermaindarce.com\/sg\/2022\/07\/11\/la-fievre-porcine-africaine\/","title":{"rendered":"La Fi\u00e8vre Porcine Africaine"},"content":{"rendered":"<div id=\"pl-3733\"  class=\"panel-layout\" ><div id=\"pg-3733-0\"  class=\"panel-grid panel-no-style\" ><div id=\"pgc-3733-0-0\"  class=\"panel-grid-cell\" ><div id=\"panel-3733-0-0-0\" class=\"so-panel widget widget_sow-image panel-first-child panel-last-child widgetopts-SO\" data-index=\"0\" ><div\n\t\t\t\n\t\t\tclass=\"so-widget-sow-image so-widget-sow-image-default-334eeca80698-3733\"\n\t\t\t\n\t\t>\n<div class=\"sow-image-container\">\n\t\t<img \n\tsrc=\"https:\/\/saintgermaindarce.com\/sg\/wp-content\/uploads\/2022\/07\/fievre-porcine.jpg\" width=\"262\" height=\"193\" srcset=\"https:\/\/saintgermaindarce.com\/sg\/wp-content\/uploads\/2022\/07\/fievre-porcine.jpg 262w, https:\/\/saintgermaindarce.com\/sg\/wp-content\/uploads\/2022\/07\/fievre-porcine-260x193.jpg 260w\" sizes=\"(max-width: 262px) 100vw, 262px\" title=\"La Fi\u00e8vre Porcine Africaine\" alt=\"La Fi\u00e8vre Porcine Africaine\" \t\tclass=\"so-widget-image\"\/>\n\t<\/div>\n\n<\/div><\/div><\/div><div id=\"pgc-3733-0-1\"  class=\"panel-grid-cell\" ><div id=\"panel-3733-0-1-0\" class=\"so-panel widget widget_sow-editor panel-first-child panel-last-child widgetopts-SO\" data-index=\"1\" ><div\n\t\t\t\n\t\t\tclass=\"so-widget-sow-editor so-widget-sow-editor-base\"\n\t\t\t\n\t\t>\n<div class=\"siteorigin-widget-tinymce textwidget\">\n\t<p>La Fi\u00e8vre Porcine Africaine, maladie virale affectant exclusivement les suid\u00e9s (le porc et le sanglier) est pr\u00e9sente aux fronti\u00e8res de la France avec des cas d\u00e9tect\u00e9s sur des sangliers en Italie du Nord depuis janvier 2022 et en Allemagne \u00e0 6 km de la France le 25 Mai dernier.<\/p>\n<p>Si le virus responsable de cette maladie venait \u00e0 contaminer nos \u00e9levages porcins fran\u00e7ais, ce serait une catastrophe tant \u00e9conomique que sanitaire (mortalit\u00e9s consid\u00e9rables en \u00e9levage, fermeture des fronti\u00e8res \u00e0 l\u2019export). Le principal risque de transmission de ce virus provient de la faune sauvage, du contact de sangliers porteurs avec les porcs domestiques. A noter que le sanglier peut v\u00e9hiculer d\u2019autres maladies aux porcs : la Brucellose, La Maladie d\u2019Aujeszky, et le SDRP.<\/p>\n<p>Les \u00e9leveurs de porcs sp\u00e9cialis\u00e9s sont inform\u00e9s de ces risques par leurs fili\u00e8res professionnelles tandis que les d\u00e9tenteurs de porcs de compagnie ou de porcs pour consommation familiale ne disposent pas n\u00e9cessairement d\u2019informations pr\u00e9cises en ce domaine.<\/p>\n<p>Pour cette raison, que vous trouverez en cliquant <a href=\"https:\/\/saintgermaindarce.com\/sg\/wp-content\/uploads\/2022\/07\/Projet-communication-porc-de-compagnie.pdf\">ci-dessus<\/a>, les d\u00e9marches \u00e0 suivre<\/p>\n<\/div>\n<\/div><\/div><\/div><\/div><\/div>","protected":false},"excerpt":{"rendered":"<p>La Fi\u00e8vre Porcine Africaine, maladie virale affectant exclusivement les suid\u00e9s (le porc et le sanglier) est pr\u00e9sente aux fronti\u00e8res de la France avec des cas d\u00e9tect\u00e9s sur des sangliers en Italie du Nord depuis janvier 2022 et en Allemagne \u00e0 6 km de la France le 25 Mai dernier. Si le virus responsable de cette&#8230;<\/p>\n<div class=\"read-more\"><a href=\"https:\/\/saintgermaindarce.com\/sg\/2022\/07\/11\/la-fievre-porcine-africaine\/\">Lire la suite<\/a><\/div>\n","protected":false},"author":3,"featured_media":0,"comment_status":"open","ping_status":"open","sticky":false,"template":"","format":"standard","meta":{"footnotes":""},"categories":[9,8,4,5],"tags":[],"class_list":["post-3733","post","type-post","status-publish","format-standard","hentry","category-actualites","category-demarches-administratives","category-infos-pratique","category-vie-municipale"],"yoast_head":"<!-- This site is optimized with the Yoast SEO plugin v27.5 - https:\/\/yoast.com\/product\/yoast-seo-wordpress\/ -->\n<title>La Fi\u00e8vre Porcine Africaine - Mairie de Saint Germain d&#039;Arc\u00e9<\/title>\n<meta name=\"robots\" content=\"index, follow, max-snippet:-1, max-image-preview:large, max-video-preview:-1\" \/>\n<link rel=\"canonical\" href=\"https:\/\/saintgermaindarce.com\/sg\/2022\/07\/11\/la-fievre-porcine-africaine\/\" \/>\n<meta name=\"twitter:card\" content=\"summary_large_image\" \/>\n<meta name=\"twitter:title\" content=\"La Fi\u00e8vre Porcine Africaine - Mairie de Saint Germain d&#039;Arc\u00e9\" \/>\n<meta name=\"twitter:description\" content=\"La Fi\u00e8vre Porcine Africaine, maladie virale affectant exclusivement les suid\u00e9s (le porc et le sanglier) est pr\u00e9sente aux fronti\u00e8res de la France avec des cas d\u00e9tect\u00e9s sur des sangliers en Italie du Nord depuis janvier 2022 et en Allemagne \u00e0 6 km de la France le 25 Mai dernier. Si le virus responsable de cette...Lire la suite\" \/>\n<meta name=\"twitter:label1\" content=\"\u00c9crit par\" \/>\n\t<meta name=\"twitter:data1\" content=\"secretariat Mairie\" \/>\n\t<meta name=\"twitter:label2\" content=\"Dur\u00e9e de lecture estim\u00e9e\" \/>\n\t<meta name=\"twitter:data2\" content=\"1 minute\" \/>\n<script type=\"application\/ld+json\" class=\"yoast-schema-graph\">{\"@context\":\"https:\\\/\\\/schema.org\",\"@graph\":[{\"@type\":\"Article\",\"@id\":\"https:\\\/\\\/saintgermaindarce.com\\\/sg\\\/2022\\\/07\\\/11\\\/la-fievre-porcine-africaine\\\/#article\",\"isPartOf\":{\"@id\":\"https:\\\/\\\/saintgermaindarce.com\\\/sg\\\/2022\\\/07\\\/11\\\/la-fievre-porcine-africaine\\\/\"},\"author\":{\"name\":\"secretariat Mairie\",\"@id\":\"https:\\\/\\\/saintgermaindarce.com\\\/sg\\\/#\\\/schema\\\/person\\\/93511b19cadd37cf2a6e92b3df7f79ec\"},\"headline\":\"La Fi\u00e8vre Porcine Africaine\",\"datePublished\":\"2022-07-11T13:49:53+00:00\",\"dateModified\":\"2022-07-11T14:07:51+00:00\",\"mainEntityOfPage\":{\"@id\":\"https:\\\/\\\/saintgermaindarce.com\\\/sg\\\/2022\\\/07\\\/11\\\/la-fievre-porcine-africaine\\\/\"},\"wordCount\":201,\"commentCount\":0,\"publisher\":{\"@id\":\"https:\\\/\\\/saintgermaindarce.com\\\/sg\\\/#\\\/schema\\\/person\\\/93511b19cadd37cf2a6e92b3df7f79ec\"},\"articleSection\":[\"Actualit\u00e9s\",\"D\u00e9marches administratives\",\"Infos pratiques\",\"Vie municipale\"],\"inLanguage\":\"fr-FR\",\"potentialAction\":[{\"@type\":\"CommentAction\",\"name\":\"Comment\",\"target\":[\"https:\\\/\\\/saintgermaindarce.com\\\/sg\\\/2022\\\/07\\\/11\\\/la-fievre-porcine-africaine\\\/#respond\"]}]},{\"@type\":\"WebPage\",\"@id\":\"https:\\\/\\\/saintgermaindarce.com\\\/sg\\\/2022\\\/07\\\/11\\\/la-fievre-porcine-africaine\\\/\",\"url\":\"https:\\\/\\\/saintgermaindarce.com\\\/sg\\\/2022\\\/07\\\/11\\\/la-fievre-porcine-africaine\\\/\",\"name\":\"La Fi\u00e8vre Porcine Africaine - Mairie de Saint Germain d&#039;Arc\u00e9\",\"isPartOf\":{\"@id\":\"https:\\\/\\\/saintgermaindarce.com\\\/sg\\\/#website\"},\"datePublished\":\"2022-07-11T13:49:53+00:00\",\"dateModified\":\"2022-07-11T14:07:51+00:00\",\"breadcrumb\":{\"@id\":\"https:\\\/\\\/saintgermaindarce.com\\\/sg\\\/2022\\\/07\\\/11\\\/la-fievre-porcine-africaine\\\/#breadcrumb\"},\"inLanguage\":\"fr-FR\",\"potentialAction\":[{\"@type\":\"ReadAction\",\"target\":[\"https:\\\/\\\/saintgermaindarce.com\\\/sg\\\/2022\\\/07\\\/11\\\/la-fievre-porcine-africaine\\\/\"]}]},{\"@type\":\"BreadcrumbList\",\"@id\":\"https:\\\/\\\/saintgermaindarce.com\\\/sg\\\/2022\\\/07\\\/11\\\/la-fievre-porcine-africaine\\\/#breadcrumb\",\"itemListElement\":[{\"@type\":\"ListItem\",\"position\":1,\"name\":\"Accueil\",\"item\":\"https:\\\/\\\/saintgermaindarce.com\\\/sg\\\/\"},{\"@type\":\"ListItem\",\"position\":2,\"name\":\"La Fi\u00e8vre Porcine Africaine\"}]},{\"@type\":\"WebSite\",\"@id\":\"https:\\\/\\\/saintgermaindarce.com\\\/sg\\\/#website\",\"url\":\"https:\\\/\\\/saintgermaindarce.com\\\/sg\\\/\",\"name\":\"Mairie de Saint Germain d'Arc\u00e9\",\"description\":\"\",\"publisher\":{\"@id\":\"https:\\\/\\\/saintgermaindarce.com\\\/sg\\\/#\\\/schema\\\/person\\\/93511b19cadd37cf2a6e92b3df7f79ec\"},\"potentialAction\":[{\"@type\":\"SearchAction\",\"target\":{\"@type\":\"EntryPoint\",\"urlTemplate\":\"https:\\\/\\\/saintgermaindarce.com\\\/sg\\\/?s={search_term_string}\"},\"query-input\":{\"@type\":\"PropertyValueSpecification\",\"valueRequired\":true,\"valueName\":\"search_term_string\"}}],\"inLanguage\":\"fr-FR\"},{\"@type\":[\"Person\",\"Organization\"],\"@id\":\"https:\\\/\\\/saintgermaindarce.com\\\/sg\\\/#\\\/schema\\\/person\\\/93511b19cadd37cf2a6e92b3df7f79ec\",\"name\":\"secretariat Mairie\",\"image\":{\"@type\":\"ImageObject\",\"inLanguage\":\"fr-FR\",\"@id\":\"https:\\\/\\\/secure.gravatar.com\\\/avatar\\\/f767471be6375bc48c47e01a87935108ce923ff3609476b1fd7fe905f23de8aa?s=96&d=mm&r=g\",\"url\":\"https:\\\/\\\/secure.gravatar.com\\\/avatar\\\/f767471be6375bc48c47e01a87935108ce923ff3609476b1fd7fe905f23de8aa?s=96&d=mm&r=g\",\"contentUrl\":\"https:\\\/\\\/secure.gravatar.com\\\/avatar\\\/f767471be6375bc48c47e01a87935108ce923ff3609476b1fd7fe905f23de8aa?s=96&d=mm&r=g\",\"caption\":\"secretariat Mairie\"},\"logo\":{\"@id\":\"https:\\\/\\\/secure.gravatar.com\\\/avatar\\\/f767471be6375bc48c47e01a87935108ce923ff3609476b1fd7fe905f23de8aa?s=96&d=mm&r=g\"},\"url\":\"https:\\\/\\\/saintgermaindarce.com\\\/sg\\\/author\\\/secretariat-mairie\\\/\"}]}<\/script>\n<!-- \/ Yoast SEO plugin. -->","yoast_head_json":{"title":"La Fi\u00e8vre Porcine Africaine - Mairie de Saint Germain d&#039;Arc\u00e9","robots":{"index":"index","follow":"follow","max-snippet":"max-snippet:-1","max-image-preview":"max-image-preview:large","max-video-preview":"max-video-preview:-1"},"canonical":"https:\/\/saintgermaindarce.com\/sg\/2022\/07\/11\/la-fievre-porcine-africaine\/","twitter_card":"summary_large_image","twitter_title":"La Fi\u00e8vre Porcine Africaine - Mairie de Saint Germain d&#039;Arc\u00e9","twitter_description":"La Fi\u00e8vre Porcine Africaine, maladie virale affectant exclusivement les suid\u00e9s (le porc et le sanglier) est pr\u00e9sente aux fronti\u00e8res de la France avec des cas d\u00e9tect\u00e9s sur des sangliers en Italie du Nord depuis janvier 2022 et en Allemagne \u00e0 6 km de la France le 25 Mai dernier. Si le virus responsable de cette...Lire la suite","twitter_misc":{"\u00c9crit par":"secretariat Mairie","Dur\u00e9e de lecture estim\u00e9e":"1 minute"},"schema":{"@context":"https:\/\/schema.org","@graph":[{"@type":"Article","@id":"https:\/\/saintgermaindarce.com\/sg\/2022\/07\/11\/la-fievre-porcine-africaine\/#article","isPartOf":{"@id":"https:\/\/saintgermaindarce.com\/sg\/2022\/07\/11\/la-fievre-porcine-africaine\/"},"author":{"name":"secretariat Mairie","@id":"https:\/\/saintgermaindarce.com\/sg\/#\/schema\/person\/93511b19cadd37cf2a6e92b3df7f79ec"},"headline":"La Fi\u00e8vre Porcine Africaine","datePublished":"2022-07-11T13:49:53+00:00","dateModified":"2022-07-11T14:07:51+00:00","mainEntityOfPage":{"@id":"https:\/\/saintgermaindarce.com\/sg\/2022\/07\/11\/la-fievre-porcine-africaine\/"},"wordCount":201,"commentCount":0,"publisher":{"@id":"https:\/\/saintgermaindarce.com\/sg\/#\/schema\/person\/93511b19cadd37cf2a6e92b3df7f79ec"},"articleSection":["Actualit\u00e9s","D\u00e9marches administratives","Infos pratiques","Vie municipale"],"inLanguage":"fr-FR","potentialAction":[{"@type":"CommentAction","name":"Comment","target":["https:\/\/saintgermaindarce.com\/sg\/2022\/07\/11\/la-fievre-porcine-africaine\/#respond"]}]},{"@type":"WebPage","@id":"https:\/\/saintgermaindarce.com\/sg\/2022\/07\/11\/la-fievre-porcine-africaine\/","url":"https:\/\/saintgermaindarce.com\/sg\/2022\/07\/11\/la-fievre-porcine-africaine\/","name":"La Fi\u00e8vre Porcine Africaine - Mairie de Saint Germain d&#039;Arc\u00e9","isPartOf":{"@id":"https:\/\/saintgermaindarce.com\/sg\/#website"},"datePublished":"2022-07-11T13:49:53+00:00","dateModified":"2022-07-11T14:07:51+00:00","breadcrumb":{"@id":"https:\/\/saintgermaindarce.com\/sg\/2022\/07\/11\/la-fievre-porcine-africaine\/#breadcrumb"},"inLanguage":"fr-FR","potentialAction":[{"@type":"ReadAction","target":["https:\/\/saintgermaindarce.com\/sg\/2022\/07\/11\/la-fievre-porcine-africaine\/"]}]},{"@type":"BreadcrumbList","@id":"https:\/\/saintgermaindarce.com\/sg\/2022\/07\/11\/la-fievre-porcine-africaine\/#breadcrumb","itemListElement":[{"@type":"ListItem","position":1,"name":"Accueil","item":"https:\/\/saintgermaindarce.com\/sg\/"},{"@type":"ListItem","position":2,"name":"La Fi\u00e8vre Porcine Africaine"}]},{"@type":"WebSite","@id":"https:\/\/saintgermaindarce.com\/sg\/#website","url":"https:\/\/saintgermaindarce.com\/sg\/","name":"Mairie de Saint Germain d'Arc\u00e9","description":"","publisher":{"@id":"https:\/\/saintgermaindarce.com\/sg\/#\/schema\/person\/93511b19cadd37cf2a6e92b3df7f79ec"},"potentialAction":[{"@type":"SearchAction","target":{"@type":"EntryPoint","urlTemplate":"https:\/\/saintgermaindarce.com\/sg\/?s={search_term_string}"},"query-input":{"@type":"PropertyValueSpecification","valueRequired":true,"valueName":"search_term_string"}}],"inLanguage":"fr-FR"},{"@type":["Person","Organization"],"@id":"https:\/\/saintgermaindarce.com\/sg\/#\/schema\/person\/93511b19cadd37cf2a6e92b3df7f79ec","name":"secretariat Mairie","image":{"@type":"ImageObject","inLanguage":"fr-FR","@id":"https:\/\/secure.gravatar.com\/avatar\/f767471be6375bc48c47e01a87935108ce923ff3609476b1fd7fe905f23de8aa?s=96&d=mm&r=g","url":"https:\/\/secure.gravatar.com\/avatar\/f767471be6375bc48c47e01a87935108ce923ff3609476b1fd7fe905f23de8aa?s=96&d=mm&r=g","contentUrl":"https:\/\/secure.gravatar.com\/avatar\/f767471be6375bc48c47e01a87935108ce923ff3609476b1fd7fe905f23de8aa?s=96&d=mm&r=g","caption":"secretariat Mairie"},"logo":{"@id":"https:\/\/secure.gravatar.com\/avatar\/f767471be6375bc48c47e01a87935108ce923ff3609476b1fd7fe905f23de8aa?s=96&d=mm&r=g"},"url":"https:\/\/saintgermaindarce.com\/sg\/author\/secretariat-mairie\/"}]}},"_links":{"self":[{"href":"https:\/\/saintgermaindarce.com\/sg\/wp-json\/wp\/v2\/posts\/3733","targetHints":{"allow":["GET"]}}],"collection":[{"href":"https:\/\/saintgermaindarce.com\/sg\/wp-json\/wp\/v2\/posts"}],"about":[{"href":"https:\/\/saintgermaindarce.com\/sg\/wp-json\/wp\/v2\/types\/post"}],"author":[{"embeddable":true,"href":"https:\/\/saintgermaindarce.com\/sg\/wp-json\/wp\/v2\/users\/3"}],"replies":[{"embeddable":true,"href":"https:\/\/saintgermaindarce.com\/sg\/wp-json\/wp\/v2\/comments?post=3733"}],"version-history":[{"count":0,"href":"https:\/\/saintgermaindarce.com\/sg\/wp-json\/wp\/v2\/posts\/3733\/revisions"}],"wp:attachment":[{"href":"https:\/\/saintgermaindarce.com\/sg\/wp-json\/wp\/v2\/media?parent=3733"}],"wp:term":[{"taxonomy":"category","embeddable":true,"href":"https:\/\/saintgermaindarce.com\/sg\/wp-json\/wp\/v2\/categories?post=3733"},{"taxonomy":"post_tag","embeddable":true,"href":"https:\/\/saintgermaindarce.com\/sg\/wp-json\/wp\/v2\/tags?post=3733"}],"curies":[{"name":"wp","href":"https:\/\/api.w.org\/{rel}","templated":true}]}}